{"id":8013,"date":"2026-08-30T18:43:15","date_gmt":"2026-08-30T16:43:15","guid":{"rendered":"https:\/\/vr46racingteam.it\/di-giannantonio-earns-important-points-and-fourth-place-in-the-championship-at-aragon-gp\/"},"modified":"2026-08-30T18:44:39","modified_gmt":"2026-08-30T16:44:39","slug":"di-giannantonio-earns-important-points-and-fourth-place-in-the-championship-at-aragon-gp","status":"publish","type":"post","link":"https:\/\/vr46racingteam.it\/it\/di-giannantonio-earns-important-points-and-fourth-place-in-the-championship-at-aragon-gp\/","title":{"rendered":"Punti importanti e quarto posto in classifica per Di Giannantonio nel GP di Aragon"},"content":{"rendered":"<div id=\"pl-8004\" class=\"panel-layout\">\n<div id=\"pg-8004-0\" class=\"panel-grid panel-no-style\">\n<div id=\"pgc-8004-0-0\" class=\"panel-grid-cell\" data-weight=\"1\">\n<div id=\"panel-8004-0-0-0\" class=\"so-panel widget widget_sow-editor panel-first-child\" data-index=\"0\" data-style=\"{&quot;background_image_attachment&quot;:false,&quot;background_display&quot;:&quot;tile&quot;,&quot;background_image_size&quot;:&quot;full&quot;,&quot;background_image_opacity&quot;:&quot;100&quot;,&quot;border_thickness&quot;:&quot;1px&quot;,&quot;cvw_duration&quot;:&quot;300&quot;,&quot;cvw_easing&quot;:&quot;linear&quot;,&quot;cvw_anchor&quot;:&quot;top-bottom&quot;,&quot;cvw_repeat&quot;:&quot;true&quot;}\">\n<div class=\"so-widget-sow-editor so-widget-sow-editor-base\">\n<div class=\"siteorigin-widget-tinymce textwidget\">\n<p style=\"font-weight: 400;\"><strong>Nella gara di domenica al MotorLand Aragon, il Pertamina Enduro VR46 Racing Team \u00e8 settimo con Fabio Di Giannantonio, che torna in quarta posizione nella classifica generale. Caduto Franco Morbidelli. \u00a0<\/strong><\/p>\n<p style=\"font-weight: 400;\">Il GP di Aragon \u00e8 stato impegnativo per il Pertamina Enduro VR46 Racing Team, che ha visto Fabio Di Giannantonio concludere la gara di domenica in settima posizione. Tuttavia, il pilota romano ha conquistato punti importanti che lo hanno riportato al quarto posto nella classifica generale. Domenica complicata per Franco Morbidelli, caduto al sesto giro, fortunatamente senza conseguenze fisiche.<\/p>\n<p style=\"font-weight: 400;\">Partito dalla terza fila, Di Giannantonio \u00e8 riuscito a mantenere la sua posizione avvicinandosi anche al folto gruppo in lotta per le posizioni del podio. Fabio ha mostrato un buon passo, che gli ha consentito di difendere la settima piazza con determinazione. Il pilota romano ha confermato la propria costanza, tagliando il traguardo del GP di Aragon in settima posizione. Con il risultato odierno, Di Giannantonio ritorna in quarta posizione nella classifica generale con 208 punti, a 48 dal leader e a 24 punti dalla Top3.<\/p>\n<p style=\"font-weight: 400;\">Una buona partenza dalla quarta fila ha fatto s\u00ec che Morbidelli riuscisse a mantenersi nella lotta per la Top10 gi\u00e0 dalle prime curve. Franco ha mostrato un buon passo che gli ha consentito di entrare nel gruppo dei primi dieci, ma solo la sfortuna ha fermato la sua progressione: il pilota italo-brasiliano \u00e8 caduto alla Curva 17 al sesto giro quando era decimo. Morbidelli rimane sedicesimo nella classifica generale con 53 punti.<\/p>\n<p style=\"font-weight: 400;\">Il Pertamina Enduro VR46 Racing Team torna in pista fra due settimane per uno degli appuntamenti pi\u00f9 attesi della stagione: si torna a casa con il Gran Premio di San Marino e della Riviera di Rimini, che si terr\u00e0 al Misano World Circuit \u201cMarco Simoncelli\u201d dall\u201911 al 13 settembre.<\/p>\n<p style=\"font-weight: 400;\"><strong>FABIO DI GIANNANTONIO<\/strong><br \/>\n\u201c\u00c8 stato un weekend complicato, ma ci aspettavamo di fare un po\u2019 fatica. La caduta di ieri non ci ha aiutati, ma non abbiamo mollato e abbiamo continuato a lavorare. Oggi era importante portare a termine la gara e conquistare dei punti importanti: ci siamo riusciti, abbiamo chiuso in settima posizione e questo piazzamento ci ha permesso di tornare al quarto posto nel mondiale. Questo \u00e8 sicuramente l\u2019aspetto pi\u00f9 positivo del weekend. Ora pensiamo a Misano, dove porteremo tutte le cose buone per poter affrontare il weekend di casa con la mente libera.\u201d<\/p>\n<p style=\"font-weight: 400;\"><strong>FRANCO MORBIDELLI<\/strong><br \/>\n\u201cNella gara di oggi ho fatto una buona partenza e sono riuscito a rimanere nel gruppo in lotta per la Top10. Purtroppo, ho commesso un errore alla Curva 17 e sono caduto. Ma la cosa positiva \u00e8 che oggi mi sentivo molto meglio rispetto alla Sprint ed ero nel gruppo dove avrei potuto fare settimo. Nel complesso, \u00e8 stato un weekend positivo: la squadra ha di nuovo lavorato al massimo per mettere tutto insieme e fare dei passi in avanti, come abbiamo dimostrato in qualifica con i giri veloci. Adesso arriva Misano, dove cercheremo di fare un ottimo lavoro.\u201d<\/p>\n<p style=\"font-weight: 400;\"><strong>PABLO NIETO<\/strong><br \/>\n\u201c\u00c8 stato un weekend un po\u2019 pi\u00f9 complicato del solito, ma andiamo a casa con qualcosa di positivo. Fabio, purtroppo, \u00e8 caduto nella Sprint, ma oggi in gara ha conquistato una settima posizione e ha raccolto dei punti importanti, risalendo al quarto posto in classifica. Anche Franco continua a compiere dei passi in avanti, ha lottato con determinazione durante tutto il weekend riuscendo di nuovo a conquistare la Q2 diretta in qualifica. Peccato per la caduta di oggi, ma sono le gare e pu\u00f2 capitare. Bisogna sempre guardare avanti. Adesso arriva la gara di casa del Team: l\u00ec dovremo fare il massimo e sar\u00e0 importante capire cosa \u00e8 successo durante questo fine settimana per poter tornare pi\u00f9 forti a Misano.\u201d<\/p>\n<\/div>\n<\/div>\n<\/div>\n<div id=\"panel-8004-0-0-1\" class=\"so-panel widget widget_sow-image\" data-index=\"1\" data-style=\"{&quot;background_image_attachment&quot;:false,&quot;background_display&quot;:&quot;tile&quot;,&quot;background_image_size&quot;:&quot;full&quot;,&quot;background_image_opacity&quot;:&quot;100&quot;,&quot;border_thickness&quot;:&quot;1px&quot;,&quot;cvw_duration&quot;:&quot;300&quot;,&quot;cvw_easing&quot;:&quot;linear&quot;,&quot;cvw_anchor&quot;:&quot;top-bottom&quot;,&quot;cvw_repeat&quot;:&quot;true&quot;,&quot;margin&quot;:&quot;0px 0px 20px 0px&quot;}\"><div\n\t\t\t\n\t\t\tclass=\"so-widget-sow-image so-widget-sow-image-default-8b5b6f678277\"\n\t\t\t\n\t\t>\n<div class=\"sow-image-container\">\n\t\t<img loading=\"lazy\" decoding=\"async\" src=\"https:\/\/vr46racingteam.it\/wp-content\/uploads\/2023\/06\/banner-images.jpg\" width=\"1900\" height=\"173\" sizes=\"auto, (max-width: 1900px) 100vw, 1900px\" alt=\"\" \t\tclass=\"so-widget-image\"\/>\n\t<\/div>\n\n<\/div><\/div>\n<div id=\"panel-8004-0-0-2\" class=\"so-panel widget widget_media_gallery\" data-index=\"2\" data-style=\"{&quot;background_image_attachment&quot;:false,&quot;background_display&quot;:&quot;tile&quot;,&quot;background_image_size&quot;:&quot;full&quot;,&quot;background_image_opacity&quot;:&quot;100&quot;,&quot;border_thickness&quot;:&quot;1px&quot;,&quot;cvw_duration&quot;:&quot;300&quot;,&quot;cvw_easing&quot;:&quot;linear&quot;,&quot;cvw_anchor&quot;:&quot;top-bottom&quot;,&quot;cvw_repeat&quot;:&quot;true&quot;}\"><div id='gallery-1' class='gallery galleryid-8013 gallery-columns-2 gallery-size-full'><figure class='gallery-item'>\n\t\t\t<div class='gallery-icon landscape'>\n\t\t\t\t<img loading=\"lazy\" decoding=\"async\" width=\"2560\" height=\"1707\" src=\"https:\/\/vr46racingteam.it\/wp-content\/uploads\/2026\/08\/Gara_Morbidelli_MotoGP_R13_Aragon_2026-01-scaled.jpg\" class=\"attachment-full size-full\" alt=\"\" \/>\n\t\t\t<\/div><\/figure><figure class='gallery-item'>\n\t\t\t<div class='gallery-icon landscape'>\n\t\t\t\t<img loading=\"lazy\" decoding=\"async\" width=\"2560\" height=\"1707\" src=\"https:\/\/vr46racingteam.it\/wp-content\/uploads\/2026\/08\/Gara_DiGiannantonio_R13_Aragon_2026_MotoGP_MB-32-scaled.jpg\" class=\"attachment-full size-full\" alt=\"\" \/>\n\t\t\t<\/div><\/figure>\n\t\t<\/div>\n<\/div>\n<div id=\"panel-8004-0-0-3\" class=\"so-panel widget widget_sow-image panel-last-child\" data-index=\"3\" data-style=\"{&quot;background_image_attachment&quot;:false,&quot;background_display&quot;:&quot;tile&quot;,&quot;background_image_size&quot;:&quot;full&quot;,&quot;background_image_opacity&quot;:&quot;100&quot;,&quot;border_thickness&quot;:&quot;1px&quot;,&quot;cvw_duration&quot;:&quot;300&quot;,&quot;cvw_easing&quot;:&quot;linear&quot;,&quot;cvw_anchor&quot;:&quot;top-bottom&quot;,&quot;cvw_repeat&quot;:&quot;true&quot;,&quot;margin&quot;:&quot;20px 0px 20px 0px&quot;}\"><div\n\t\t\t\n\t\t\tclass=\"so-widget-sow-image so-widget-sow-image-default-c67d20f9f743\"\n\t\t\t\n\t\t>\n<div class=\"sow-image-container\">\n\t\t\t<a href=\"https:\/\/www.flickr.com\/photos\/vr46racingteam\/albums\/72177720332131208\"\n\t\t\ttarget=\"_blank\" rel=\"noopener noreferrer\" \t\t>\n\t\t\t<img loading=\"lazy\" decoding=\"async\" src=\"https:\/\/vr46racingteam.it\/wp-content\/uploads\/2023\/06\/Flickr.png\" width=\"97\" height=\"96\" sizes=\"auto, (max-width: 97px) 100vw, 97px\" title=\"Flickr\" alt=\"\" \t\tclass=\"so-widget-image\"\/>\n\t<\/a><\/div>\n\n<h3 class=\"widget-title\">Flickr<\/h3><\/div><\/div>\n<\/div>\n<\/div>\n<div id=\"pg-8004-1\" class=\"panel-grid panel-no-style\" data-style=\"{&quot;background_image_attachment&quot;:false,&quot;background_display&quot;:&quot;tile&quot;,&quot;background_image_size&quot;:&quot;full&quot;,&quot;border_thickness&quot;:&quot;1px&quot;,&quot;full_height&quot;:&quot;&quot;,&quot;cvw_duration&quot;:&quot;300&quot;,&quot;cvw_easing&quot;:&quot;linear&quot;,&quot;cvw_anchor&quot;:&quot;top-bottom&quot;,&quot;cvw_repeat&quot;:&quot;true&quot;,&quot;cell_alignment&quot;:&quot;flex-start&quot;}\">\n<div id=\"pgc-8004-1-0\" class=\"panel-grid-cell panel-grid-cell-empty\" data-weight=\"1\"><\/div>\n<\/div>\n<\/div>\n","protected":false},"excerpt":{"rendered":"<p>Nella gara di domenica al MotorLand Aragon, il Pertamina Enduro VR46 Racing Team \u00e8 settimo con Fabio Di Giannantonio, che torna in quarta posizione nella classifica generale. Caduto Franco Morbidelli. [&hellip;]<\/p>\n","protected":false},"author":3,"featured_media":8006,"comment_status":"open","ping_status":"open","sticky":false,"template":"","format":"standard","meta":{"footnotes":""},"categories":[35],"tags":[47],"class_list":["post-8013","post","type-post","status-publish","format-standard","has-post-thumbnail","hentry","category-italiano-it","tag-aragongp-it"],"yoast_head":"<!-- This site is optimized with the Yoast SEO plugin v24.5 - https:\/\/yoast.com\/wordpress\/plugins\/seo\/ -->\n<title>Punti importanti e quarto posto in classifica per Di Giannantonio nel GP di Aragon - VR46 Racing Team<\/title>\n<meta name=\"robots\" content=\"index, follow, max-snippet:-1, max-image-preview:large, max-video-preview:-1\" \/>\n<link rel=\"canonical\" href=\"https:\/\/vr46racingteam.it\/it\/di-giannantonio-earns-important-points-and-fourth-place-in-the-championship-at-aragon-gp\/\" \/>\n<meta property=\"og:locale\" content=\"it_IT\" \/>\n<meta property=\"og:type\" content=\"article\" \/>\n<meta property=\"og:title\" content=\"Punti importanti e quarto posto in classifica per Di Giannantonio nel GP di Aragon - VR46 Racing Team\" \/>\n<meta property=\"og:description\" content=\"Nella gara di domenica al MotorLand Aragon, il Pertamina Enduro VR46 Racing Team \u00e8 settimo con Fabio Di Giannantonio, che torna in quarta posizione nella classifica generale. Caduto Franco Morbidelli. [&hellip;]\" \/>\n<meta property=\"og:url\" content=\"https:\/\/vr46racingteam.it\/it\/di-giannantonio-earns-important-points-and-fourth-place-in-the-championship-at-aragon-gp\/\" \/>\n<meta property=\"og:site_name\" content=\"VR46 Racing Team\" \/>\n<meta property=\"article:published_time\" content=\"2026-08-30T16:43:15+00:00\" \/>\n<meta property=\"article:modified_time\" content=\"2026-08-30T16:44:39+00:00\" \/>\n<meta property=\"og:image\" content=\"https:\/\/vr46racingteam.it\/wp-content\/uploads\/2026\/08\/Gara_DiGiannantonio_R13_Aragon_2026_MotoGP_MB-48-scaled.jpg\" \/>\n\t<meta property=\"og:image:width\" content=\"2560\" \/>\n\t<meta property=\"og:image:height\" content=\"1707\" \/>\n\t<meta property=\"og:image:type\" content=\"image\/jpeg\" \/>\n<meta name=\"author\" content=\"vr46_user\" \/>\n<meta name=\"twitter:card\" content=\"summary_large_image\" \/>\n<meta name=\"twitter:label1\" content=\"Scritto da\" \/>\n\t<meta name=\"twitter:data1\" content=\"vr46_user\" \/>\n\t<meta name=\"twitter:label2\" content=\"Tempo di lettura stimato\" \/>\n\t<meta name=\"twitter:data2\" content=\"3 minuti\" \/>\n<script type=\"application\/ld+json\" class=\"yoast-schema-graph\">{\"@context\":\"https:\/\/schema.org\",\"@graph\":[{\"@type\":\"Article\",\"@id\":\"https:\/\/vr46racingteam.it\/it\/di-giannantonio-earns-important-points-and-fourth-place-in-the-championship-at-aragon-gp\/#article\",\"isPartOf\":{\"@id\":\"https:\/\/vr46racingteam.it\/it\/di-giannantonio-earns-important-points-and-fourth-place-in-the-championship-at-aragon-gp\/\"},\"author\":{\"name\":\"vr46_user\",\"@id\":\"https:\/\/vr46racingteam.it\/#\/schema\/person\/c3261a217e278d4b1a63935ed16f6ec0\"},\"headline\":\"Punti importanti e quarto posto in classifica per Di Giannantonio nel GP di Aragon\",\"datePublished\":\"2026-08-30T16:43:15+00:00\",\"dateModified\":\"2026-08-30T16:44:39+00:00\",\"mainEntityOfPage\":{\"@id\":\"https:\/\/vr46racingteam.it\/it\/di-giannantonio-earns-important-points-and-fourth-place-in-the-championship-at-aragon-gp\/\"},\"wordCount\":639,\"commentCount\":0,\"publisher\":{\"@id\":\"https:\/\/vr46racingteam.it\/#organization\"},\"image\":{\"@id\":\"https:\/\/vr46racingteam.it\/it\/di-giannantonio-earns-important-points-and-fourth-place-in-the-championship-at-aragon-gp\/#primaryimage\"},\"thumbnailUrl\":\"https:\/\/vr46racingteam.it\/wp-content\/uploads\/2026\/08\/Gara_DiGiannantonio_R13_Aragon_2026_MotoGP_MB-48-scaled.jpg\",\"keywords\":[\"#AragonGP\"],\"articleSection\":[\"italiano\"],\"inLanguage\":\"it-IT\",\"potentialAction\":[{\"@type\":\"CommentAction\",\"name\":\"Comment\",\"target\":[\"https:\/\/vr46racingteam.it\/it\/di-giannantonio-earns-important-points-and-fourth-place-in-the-championship-at-aragon-gp\/#respond\"]}]},{\"@type\":\"WebPage\",\"@id\":\"https:\/\/vr46racingteam.it\/it\/di-giannantonio-earns-important-points-and-fourth-place-in-the-championship-at-aragon-gp\/\",\"url\":\"https:\/\/vr46racingteam.it\/it\/di-giannantonio-earns-important-points-and-fourth-place-in-the-championship-at-aragon-gp\/\",\"name\":\"Punti importanti e quarto posto in classifica per Di Giannantonio nel GP di Aragon - VR46 Racing Team\",\"isPartOf\":{\"@id\":\"https:\/\/vr46racingteam.it\/#website\"},\"primaryImageOfPage\":{\"@id\":\"https:\/\/vr46racingteam.it\/it\/di-giannantonio-earns-important-points-and-fourth-place-in-the-championship-at-aragon-gp\/#primaryimage\"},\"image\":{\"@id\":\"https:\/\/vr46racingteam.it\/it\/di-giannantonio-earns-important-points-and-fourth-place-in-the-championship-at-aragon-gp\/#primaryimage\"},\"thumbnailUrl\":\"https:\/\/vr46racingteam.it\/wp-content\/uploads\/2026\/08\/Gara_DiGiannantonio_R13_Aragon_2026_MotoGP_MB-48-scaled.jpg\",\"datePublished\":\"2026-08-30T16:43:15+00:00\",\"dateModified\":\"2026-08-30T16:44:39+00:00\",\"breadcrumb\":{\"@id\":\"https:\/\/vr46racingteam.it\/it\/di-giannantonio-earns-important-points-and-fourth-place-in-the-championship-at-aragon-gp\/#breadcrumb\"},\"inLanguage\":\"it-IT\",\"potentialAction\":[{\"@type\":\"ReadAction\",\"target\":[\"https:\/\/vr46racingteam.it\/it\/di-giannantonio-earns-important-points-and-fourth-place-in-the-championship-at-aragon-gp\/\"]}]},{\"@type\":\"ImageObject\",\"inLanguage\":\"it-IT\",\"@id\":\"https:\/\/vr46racingteam.it\/it\/di-giannantonio-earns-important-points-and-fourth-place-in-the-championship-at-aragon-gp\/#primaryimage\",\"url\":\"https:\/\/vr46racingteam.it\/wp-content\/uploads\/2026\/08\/Gara_DiGiannantonio_R13_Aragon_2026_MotoGP_MB-48-scaled.jpg\",\"contentUrl\":\"https:\/\/vr46racingteam.it\/wp-content\/uploads\/2026\/08\/Gara_DiGiannantonio_R13_Aragon_2026_MotoGP_MB-48-scaled.jpg\",\"width\":2560,\"height\":1707},{\"@type\":\"BreadcrumbList\",\"@id\":\"https:\/\/vr46racingteam.it\/it\/di-giannantonio-earns-important-points-and-fourth-place-in-the-championship-at-aragon-gp\/#breadcrumb\",\"itemListElement\":[{\"@type\":\"ListItem\",\"position\":1,\"name\":\"Home\",\"item\":\"https:\/\/vr46racingteam.it\/it\/\"},{\"@type\":\"ListItem\",\"position\":2,\"name\":\"Punti importanti e quarto posto in classifica per Di Giannantonio nel GP di Aragon\"}]},{\"@type\":\"WebSite\",\"@id\":\"https:\/\/vr46racingteam.it\/#website\",\"url\":\"https:\/\/vr46racingteam.it\/\",\"name\":\"VR46 Racing Team\",\"description\":\"MotoGP\",\"publisher\":{\"@id\":\"https:\/\/vr46racingteam.it\/#organization\"},\"potentialAction\":[{\"@type\":\"SearchAction\",\"target\":{\"@type\":\"EntryPoint\",\"urlTemplate\":\"https:\/\/vr46racingteam.it\/?s={search_term_string}\"},\"query-input\":{\"@type\":\"PropertyValueSpecification\",\"valueRequired\":true,\"valueName\":\"search_term_string\"}}],\"inLanguage\":\"it-IT\"},{\"@type\":\"Organization\",\"@id\":\"https:\/\/vr46racingteam.it\/#organization\",\"name\":\"VR46 Racing Team\",\"url\":\"https:\/\/vr46racingteam.it\/\",\"logo\":{\"@type\":\"ImageObject\",\"inLanguage\":\"it-IT\",\"@id\":\"https:\/\/vr46racingteam.it\/#\/schema\/logo\/image\/\",\"url\":\"https:\/\/vr46racingteam.it\/wp-content\/uploads\/2024\/03\/LogoEnduro.jpg\",\"contentUrl\":\"https:\/\/vr46racingteam.it\/wp-content\/uploads\/2024\/03\/LogoEnduro.jpg\",\"width\":600,\"height\":260,\"caption\":\"VR46 Racing Team\"},\"image\":{\"@id\":\"https:\/\/vr46racingteam.it\/#\/schema\/logo\/image\/\"}},{\"@type\":\"Person\",\"@id\":\"https:\/\/vr46racingteam.it\/#\/schema\/person\/c3261a217e278d4b1a63935ed16f6ec0\",\"name\":\"vr46_user\",\"url\":\"https:\/\/vr46racingteam.it\/it\/author\/vr46_user\/\"}]}<\/script>\n<!-- \/ Yoast SEO plugin. -->","yoast_head_json":{"title":"Punti importanti e quarto posto in classifica per Di Giannantonio nel GP di Aragon - VR46 Racing Team","robots":{"index":"index","follow":"follow","max-snippet":"max-snippet:-1","max-image-preview":"max-image-preview:large","max-video-preview":"max-video-preview:-1"},"canonical":"https:\/\/vr46racingteam.it\/it\/di-giannantonio-earns-important-points-and-fourth-place-in-the-championship-at-aragon-gp\/","og_locale":"it_IT","og_type":"article","og_title":"Punti importanti e quarto posto in classifica per Di Giannantonio nel GP di Aragon - VR46 Racing Team","og_description":"Nella gara di domenica al MotorLand Aragon, il Pertamina Enduro VR46 Racing Team \u00e8 settimo con Fabio Di Giannantonio, che torna in quarta posizione nella classifica generale. Caduto Franco Morbidelli. [&hellip;]","og_url":"https:\/\/vr46racingteam.it\/it\/di-giannantonio-earns-important-points-and-fourth-place-in-the-championship-at-aragon-gp\/","og_site_name":"VR46 Racing Team","article_published_time":"2026-08-30T16:43:15+00:00","article_modified_time":"2026-08-30T16:44:39+00:00","og_image":[{"width":2560,"height":1707,"url":"https:\/\/vr46racingteam.it\/wp-content\/uploads\/2026\/08\/Gara_DiGiannantonio_R13_Aragon_2026_MotoGP_MB-48-scaled.jpg","type":"image\/jpeg"}],"author":"vr46_user","twitter_card":"summary_large_image","twitter_misc":{"Scritto da":"vr46_user","Tempo di lettura stimato":"3 minuti"},"schema":{"@context":"https:\/\/schema.org","@graph":[{"@type":"Article","@id":"https:\/\/vr46racingteam.it\/it\/di-giannantonio-earns-important-points-and-fourth-place-in-the-championship-at-aragon-gp\/#article","isPartOf":{"@id":"https:\/\/vr46racingteam.it\/it\/di-giannantonio-earns-important-points-and-fourth-place-in-the-championship-at-aragon-gp\/"},"author":{"name":"vr46_user","@id":"https:\/\/vr46racingteam.it\/#\/schema\/person\/c3261a217e278d4b1a63935ed16f6ec0"},"headline":"Punti importanti e quarto posto in classifica per Di Giannantonio nel GP di Aragon","datePublished":"2026-08-30T16:43:15+00:00","dateModified":"2026-08-30T16:44:39+00:00","mainEntityOfPage":{"@id":"https:\/\/vr46racingteam.it\/it\/di-giannantonio-earns-important-points-and-fourth-place-in-the-championship-at-aragon-gp\/"},"wordCount":639,"commentCount":0,"publisher":{"@id":"https:\/\/vr46racingteam.it\/#organization"},"image":{"@id":"https:\/\/vr46racingteam.it\/it\/di-giannantonio-earns-important-points-and-fourth-place-in-the-championship-at-aragon-gp\/#primaryimage"},"thumbnailUrl":"https:\/\/vr46racingteam.it\/wp-content\/uploads\/2026\/08\/Gara_DiGiannantonio_R13_Aragon_2026_MotoGP_MB-48-scaled.jpg","keywords":["#AragonGP"],"articleSection":["italiano"],"inLanguage":"it-IT","potentialAction":[{"@type":"CommentAction","name":"Comment","target":["https:\/\/vr46racingteam.it\/it\/di-giannantonio-earns-important-points-and-fourth-place-in-the-championship-at-aragon-gp\/#respond"]}]},{"@type":"WebPage","@id":"https:\/\/vr46racingteam.it\/it\/di-giannantonio-earns-important-points-and-fourth-place-in-the-championship-at-aragon-gp\/","url":"https:\/\/vr46racingteam.it\/it\/di-giannantonio-earns-important-points-and-fourth-place-in-the-championship-at-aragon-gp\/","name":"Punti importanti e quarto posto in classifica per Di Giannantonio nel GP di Aragon - VR46 Racing Team","isPartOf":{"@id":"https:\/\/vr46racingteam.it\/#website"},"primaryImageOfPage":{"@id":"https:\/\/vr46racingteam.it\/it\/di-giannantonio-earns-important-points-and-fourth-place-in-the-championship-at-aragon-gp\/#primaryimage"},"image":{"@id":"https:\/\/vr46racingteam.it\/it\/di-giannantonio-earns-important-points-and-fourth-place-in-the-championship-at-aragon-gp\/#primaryimage"},"thumbnailUrl":"https:\/\/vr46racingteam.it\/wp-content\/uploads\/2026\/08\/Gara_DiGiannantonio_R13_Aragon_2026_MotoGP_MB-48-scaled.jpg","datePublished":"2026-08-30T16:43:15+00:00","dateModified":"2026-08-30T16:44:39+00:00","breadcrumb":{"@id":"https:\/\/vr46racingteam.it\/it\/di-giannantonio-earns-important-points-and-fourth-place-in-the-championship-at-aragon-gp\/#breadcrumb"},"inLanguage":"it-IT","potentialAction":[{"@type":"ReadAction","target":["https:\/\/vr46racingteam.it\/it\/di-giannantonio-earns-important-points-and-fourth-place-in-the-championship-at-aragon-gp\/"]}]},{"@type":"ImageObject","inLanguage":"it-IT","@id":"https:\/\/vr46racingteam.it\/it\/di-giannantonio-earns-important-points-and-fourth-place-in-the-championship-at-aragon-gp\/#primaryimage","url":"https:\/\/vr46racingteam.it\/wp-content\/uploads\/2026\/08\/Gara_DiGiannantonio_R13_Aragon_2026_MotoGP_MB-48-scaled.jpg","contentUrl":"https:\/\/vr46racingteam.it\/wp-content\/uploads\/2026\/08\/Gara_DiGiannantonio_R13_Aragon_2026_MotoGP_MB-48-scaled.jpg","width":2560,"height":1707},{"@type":"BreadcrumbList","@id":"https:\/\/vr46racingteam.it\/it\/di-giannantonio-earns-important-points-and-fourth-place-in-the-championship-at-aragon-gp\/#breadcrumb","itemListElement":[{"@type":"ListItem","position":1,"name":"Home","item":"https:\/\/vr46racingteam.it\/it\/"},{"@type":"ListItem","position":2,"name":"Punti importanti e quarto posto in classifica per Di Giannantonio nel GP di Aragon"}]},{"@type":"WebSite","@id":"https:\/\/vr46racingteam.it\/#website","url":"https:\/\/vr46racingteam.it\/","name":"VR46 Racing Team","description":"MotoGP","publisher":{"@id":"https:\/\/vr46racingteam.it\/#organization"},"potentialAction":[{"@type":"SearchAction","target":{"@type":"EntryPoint","urlTemplate":"https:\/\/vr46racingteam.it\/?s={search_term_string}"},"query-input":{"@type":"PropertyValueSpecification","valueRequired":true,"valueName":"search_term_string"}}],"inLanguage":"it-IT"},{"@type":"Organization","@id":"https:\/\/vr46racingteam.it\/#organization","name":"VR46 Racing Team","url":"https:\/\/vr46racingteam.it\/","logo":{"@type":"ImageObject","inLanguage":"it-IT","@id":"https:\/\/vr46racingteam.it\/#\/schema\/logo\/image\/","url":"https:\/\/vr46racingteam.it\/wp-content\/uploads\/2024\/03\/LogoEnduro.jpg","contentUrl":"https:\/\/vr46racingteam.it\/wp-content\/uploads\/2024\/03\/LogoEnduro.jpg","width":600,"height":260,"caption":"VR46 Racing Team"},"image":{"@id":"https:\/\/vr46racingteam.it\/#\/schema\/logo\/image\/"}},{"@type":"Person","@id":"https:\/\/vr46racingteam.it\/#\/schema\/person\/c3261a217e278d4b1a63935ed16f6ec0","name":"vr46_user","url":"https:\/\/vr46racingteam.it\/it\/author\/vr46_user\/"}]}},"_links":{"self":[{"href":"https:\/\/vr46racingteam.it\/it\/wp-json\/wp\/v2\/posts\/8013","targetHints":{"allow":["GET"]}}],"collection":[{"href":"https:\/\/vr46racingteam.it\/it\/wp-json\/wp\/v2\/posts"}],"about":[{"href":"https:\/\/vr46racingteam.it\/it\/wp-json\/wp\/v2\/types\/post"}],"author":[{"embeddable":true,"href":"https:\/\/vr46racingteam.it\/it\/wp-json\/wp\/v2\/users\/3"}],"replies":[{"embeddable":true,"href":"https:\/\/vr46racingteam.it\/it\/wp-json\/wp\/v2\/comments?post=8013"}],"version-history":[{"count":1,"href":"https:\/\/vr46racingteam.it\/it\/wp-json\/wp\/v2\/posts\/8013\/revisions"}],"predecessor-version":[{"id":8014,"href":"https:\/\/vr46racingteam.it\/it\/wp-json\/wp\/v2\/posts\/8013\/revisions\/8014"}],"wp:featuredmedia":[{"embeddable":true,"href":"https:\/\/vr46racingteam.it\/it\/wp-json\/wp\/v2\/media\/8006"}],"wp:attachment":[{"href":"https:\/\/vr46racingteam.it\/it\/wp-json\/wp\/v2\/media?parent=8013"}],"wp:term":[{"taxonomy":"category","embeddable":true,"href":"https:\/\/vr46racingteam.it\/it\/wp-json\/wp\/v2\/categories?post=8013"},{"taxonomy":"post_tag","embeddable":true,"href":"https:\/\/vr46racingteam.it\/it\/wp-json\/wp\/v2\/tags?post=8013"}],"curies":[{"name":"wp","href":"https:\/\/api.w.org\/{rel}","templated":true}]}}