{"id":8002,"date":"2026-08-29T19:10:29","date_gmt":"2026-08-29T17:10:29","guid":{"rendered":"https:\/\/vr46racingteam.it\/difficult-sprint-for-the-pertamina-enduro-vr46-racing-team-at-aragon\/"},"modified":"2026-08-29T19:11:49","modified_gmt":"2026-08-29T17:11:49","slug":"difficult-sprint-for-the-pertamina-enduro-vr46-racing-team-at-aragon","status":"publish","type":"post","link":"https:\/\/vr46racingteam.it\/it\/difficult-sprint-for-the-pertamina-enduro-vr46-racing-team-at-aragon\/","title":{"rendered":"Sprint complicata per il Pertamina Enduro VR46 Racing Team ad Aragon"},"content":{"rendered":"<div id=\"pl-7993\" class=\"panel-layout\">\n<div id=\"pg-7993-0\" class=\"panel-grid panel-no-style\">\n<div id=\"pgc-7993-0-0\" class=\"panel-grid-cell\" data-weight=\"1\">\n<div id=\"panel-7993-0-0-0\" class=\"so-panel widget widget_sow-editor panel-first-child\" data-index=\"0\" data-style=\"{&quot;background_image_attachment&quot;:false,&quot;background_display&quot;:&quot;tile&quot;,&quot;background_image_size&quot;:&quot;full&quot;,&quot;background_image_opacity&quot;:&quot;100&quot;,&quot;border_thickness&quot;:&quot;1px&quot;,&quot;cvw_duration&quot;:&quot;300&quot;,&quot;cvw_easing&quot;:&quot;linear&quot;,&quot;cvw_anchor&quot;:&quot;top-bottom&quot;,&quot;cvw_repeat&quot;:&quot;true&quot;}\">\n<div class=\"so-widget-sow-editor so-widget-sow-editor-base\">\n<div class=\"siteorigin-widget-tinymce textwidget\">\n<p style=\"font-weight: 400;\"><strong>Nella Sprint del GP di Aragon, Fabio Di Giannantonio cade al secondo giro, mentre Franco Morbidelli \u00e8 diciottesimo.<\/strong><\/p>\n<p style=\"font-weight: 400;\">La sfortuna ha condizionato il sabato del Pertamina Enduro VR46 Racing Team al MotorLand Aragon: nella Sprint, Fabio Di Giannantonio \u00e8 scivolato, senza conseguenze fisiche, nelle fasi iniziali. Franco Morbidelli ha tagliato il traguardo in diciottesima posizione.<\/p>\n<p style=\"font-weight: 400;\">Dopo aver conquistato la settima posizione in qualifica (1\u201945\u201d615), Di Giannantonio \u00e8 stato autore di una buona partenza dalla terza fila che gli ha consentito di inserirsi sin da subito nel folto gruppo in lotta per il podio. Fabio ha successivamente perso una posizione, ma non ha avuto modo di recuperare e mostrare il proprio buon passo a causa di una caduta al secondo giro quando era ottavo. Attualmente, Di Giannantonio \u00e8 quinto in campionato con 199 punti.<\/p>\n<p style=\"font-weight: 400;\">Il sabato \u00e8 iniziato con la dodicesima posizione in qualifica (1\u201945\u201d919) per Morbidelli. Con una partenza dalla quarta fila, Franco ha iniziato da subito la sua rimonta. Tuttavia, un contatto nelle prime fasi della Sprint gli ha fatto perdere posizioni. Il pilota italo-brasiliano ha provato a recuperare terreno tagliando il traguardo in diciottesima posizione. Morbidelli \u00e8 sedicesimo nella classifica generale con 53 punti.<\/p>\n<p style=\"font-weight: 400;\">Il Gran Premio di Aragon\u00a0si concluder\u00e0 domani con la gara principale, che scatter\u00e0 alle ore 14\u00a0(local time).<\/p>\n<p style=\"font-weight: 400;\"><strong>FABIO DI GIANNANTONIO<\/strong><br \/>\n\u201cOggi la partenza della Sprint \u00e8 stata buona, ma purtroppo non avevo un gran feeling. Quando sono arrivato alla frenata, ero troppo fuori dalla linea ideale, ho perso l\u2019anteriore e sono scivolato. Fortunatamente sto bene, ma \u00e8 stato un peccato. Sicuramente, lavoreremo per sistemare alcune cose sulla moto in vista della gara di domani, ma abbiamo visto che la Ducati qui \u00e8 molto veloce, perci\u00f2 questo \u00e8 positivo. Per domani, l\u2019obiettivo \u00e8 quello di essere il pi\u00f9 vicino possibile ai piloti davanti e puntare a essere in Top5.\u201d<\/p>\n<p style=\"font-weight: 400;\"><strong>FRANCO MORBIDELLI<\/strong><br \/>\n\u201c\u00c8 stata una Sprint complicata. Al primo giro, ho avuto un contatto con un altro pilota alla Curva 5 e ho perso diverse posizioni. Da l\u00ec, ho fatto fatica a recuperare terreno, non riuscivo a guidare come volevo. Nonostante ci\u00f2, durante la gara sono stato in grado di fare un bel giro e questo \u00e8 buono. Peccato per questa gara senza ricompensa, ma guardiamo il lato positivo della giornata: nella qualifica di stamattina ho fatto un buon giro, peccato solo per la bandiera gialla che non mi ha permesso di essere pi\u00f9 avanti in griglia. Per la gara di domani, puntiamo a fare una bella partenza e lottare per le posizioni interessanti.\u201d<\/p>\n<\/div>\n<\/div>\n<\/div>\n<div id=\"panel-7993-0-0-1\" class=\"so-panel widget widget_sow-image\" data-index=\"1\" data-style=\"{&quot;background_image_attachment&quot;:false,&quot;background_display&quot;:&quot;tile&quot;,&quot;background_image_size&quot;:&quot;full&quot;,&quot;background_image_opacity&quot;:&quot;100&quot;,&quot;border_thickness&quot;:&quot;1px&quot;,&quot;cvw_duration&quot;:&quot;300&quot;,&quot;cvw_easing&quot;:&quot;linear&quot;,&quot;cvw_anchor&quot;:&quot;top-bottom&quot;,&quot;cvw_repeat&quot;:&quot;true&quot;,&quot;margin&quot;:&quot;0px 0px 20px 0px&quot;}\"><div\n\t\t\t\n\t\t\tclass=\"so-widget-sow-image so-widget-sow-image-default-8b5b6f678277\"\n\t\t\t\n\t\t>\n<div class=\"sow-image-container\">\n\t\t<img loading=\"lazy\" decoding=\"async\" src=\"https:\/\/vr46racingteam.it\/wp-content\/uploads\/2023\/06\/banner-images.jpg\" width=\"1900\" height=\"173\" sizes=\"auto, (max-width: 1900px) 100vw, 1900px\" alt=\"\" \t\tclass=\"so-widget-image\"\/>\n\t<\/div>\n\n<\/div><\/div>\n<div id=\"panel-7993-0-0-2\" class=\"so-panel widget widget_media_gallery\" data-index=\"2\" data-style=\"{&quot;background_image_attachment&quot;:false,&quot;background_display&quot;:&quot;tile&quot;,&quot;background_image_size&quot;:&quot;full&quot;,&quot;background_image_opacity&quot;:&quot;100&quot;,&quot;border_thickness&quot;:&quot;1px&quot;,&quot;cvw_duration&quot;:&quot;300&quot;,&quot;cvw_easing&quot;:&quot;linear&quot;,&quot;cvw_anchor&quot;:&quot;top-bottom&quot;,&quot;cvw_repeat&quot;:&quot;true&quot;}\"><div id='gallery-1' class='gallery galleryid-8002 gallery-columns-2 gallery-size-full'><figure class='gallery-item'>\n\t\t\t<div class='gallery-icon landscape'>\n\t\t\t\t<img loading=\"lazy\" decoding=\"async\" width=\"2560\" height=\"1707\" src=\"https:\/\/vr46racingteam.it\/wp-content\/uploads\/2026\/08\/Sprint_Morbidelli_R13_Aragon_2026_MotoGP_MB-22-scaled.jpg\" class=\"attachment-full size-full\" alt=\"\" \/>\n\t\t\t<\/div><\/figure><figure class='gallery-item'>\n\t\t\t<div class='gallery-icon landscape'>\n\t\t\t\t<img loading=\"lazy\" decoding=\"async\" width=\"2560\" height=\"1707\" src=\"https:\/\/vr46racingteam.it\/wp-content\/uploads\/2026\/08\/Sprint_DiGiannantonio_R13_Aragon_2026_MotoGP_MB-53-scaled.jpg\" class=\"attachment-full size-full\" alt=\"\" \/>\n\t\t\t<\/div><\/figure>\n\t\t<\/div>\n<\/div>\n<div id=\"panel-7993-0-0-3\" class=\"so-panel widget widget_sow-image panel-last-child\" data-index=\"3\" data-style=\"{&quot;background_image_attachment&quot;:false,&quot;background_display&quot;:&quot;tile&quot;,&quot;background_image_size&quot;:&quot;full&quot;,&quot;background_image_opacity&quot;:&quot;100&quot;,&quot;border_thickness&quot;:&quot;1px&quot;,&quot;cvw_duration&quot;:&quot;300&quot;,&quot;cvw_easing&quot;:&quot;linear&quot;,&quot;cvw_anchor&quot;:&quot;top-bottom&quot;,&quot;cvw_repeat&quot;:&quot;true&quot;,&quot;margin&quot;:&quot;20px 0px 20px 0px&quot;}\"><div\n\t\t\t\n\t\t\tclass=\"so-widget-sow-image so-widget-sow-image-default-c67d20f9f743\"\n\t\t\t\n\t\t>\n<div class=\"sow-image-container\">\n\t\t\t<a href=\"https:\/\/www.flickr.com\/photos\/vr46racingteam\/albums\/72177720332131208\"\n\t\t\ttarget=\"_blank\" rel=\"noopener noreferrer\" \t\t>\n\t\t\t<img loading=\"lazy\" decoding=\"async\" src=\"https:\/\/vr46racingteam.it\/wp-content\/uploads\/2023\/06\/Flickr.png\" width=\"97\" height=\"96\" sizes=\"auto, (max-width: 97px) 100vw, 97px\" title=\"Flickr\" alt=\"\" \t\tclass=\"so-widget-image\"\/>\n\t<\/a><\/div>\n\n<h3 class=\"widget-title\">Flickr<\/h3><\/div><\/div>\n<\/div>\n<\/div>\n<div id=\"pg-7993-1\" class=\"panel-grid panel-no-style\" data-style=\"{&quot;background_image_attachment&quot;:false,&quot;background_display&quot;:&quot;tile&quot;,&quot;background_image_size&quot;:&quot;full&quot;,&quot;border_thickness&quot;:&quot;1px&quot;,&quot;full_height&quot;:&quot;&quot;,&quot;cvw_duration&quot;:&quot;300&quot;,&quot;cvw_easing&quot;:&quot;linear&quot;,&quot;cvw_anchor&quot;:&quot;top-bottom&quot;,&quot;cvw_repeat&quot;:&quot;true&quot;,&quot;cell_alignment&quot;:&quot;flex-start&quot;}\">\n<div id=\"pgc-7993-1-0\" class=\"panel-grid-cell panel-grid-cell-empty\" data-weight=\"1\"><\/div>\n<\/div>\n<\/div>\n","protected":false},"excerpt":{"rendered":"<p>Nella Sprint del GP di Aragon, Fabio Di Giannantonio cade al secondo giro, mentre Franco Morbidelli \u00e8 diciottesimo. La sfortuna ha condizionato il sabato del Pertamina Enduro VR46 Racing Team [&hellip;]<\/p>\n","protected":false},"author":3,"featured_media":7995,"comment_status":"open","ping_status":"open","sticky":false,"template":"","format":"standard","meta":{"footnotes":""},"categories":[35],"tags":[47],"class_list":["post-8002","post","type-post","status-publish","format-standard","has-post-thumbnail","hentry","category-italiano-it","tag-aragongp-it"],"yoast_head":"<!-- This site is optimized with the Yoast SEO plugin v24.5 - https:\/\/yoast.com\/wordpress\/plugins\/seo\/ -->\n<title>Sprint complicata per il Pertamina Enduro VR46 Racing Team ad Aragon - VR46 Racing Team<\/title>\n<meta name=\"robots\" content=\"index, follow, max-snippet:-1, max-image-preview:large, max-video-preview:-1\" \/>\n<link rel=\"canonical\" href=\"https:\/\/vr46racingteam.it\/it\/difficult-sprint-for-the-pertamina-enduro-vr46-racing-team-at-aragon\/\" \/>\n<meta property=\"og:locale\" content=\"it_IT\" \/>\n<meta property=\"og:type\" content=\"article\" \/>\n<meta property=\"og:title\" content=\"Sprint complicata per il Pertamina Enduro VR46 Racing Team ad Aragon - VR46 Racing Team\" \/>\n<meta property=\"og:description\" content=\"Nella Sprint del GP di Aragon, Fabio Di Giannantonio cade al secondo giro, mentre Franco Morbidelli \u00e8 diciottesimo. La sfortuna ha condizionato il sabato del Pertamina Enduro VR46 Racing Team [&hellip;]\" \/>\n<meta property=\"og:url\" content=\"https:\/\/vr46racingteam.it\/it\/difficult-sprint-for-the-pertamina-enduro-vr46-racing-team-at-aragon\/\" \/>\n<meta property=\"og:site_name\" content=\"VR46 Racing Team\" \/>\n<meta property=\"article:published_time\" content=\"2026-08-29T17:10:29+00:00\" \/>\n<meta property=\"article:modified_time\" content=\"2026-08-29T17:11:49+00:00\" \/>\n<meta property=\"og:image\" content=\"https:\/\/vr46racingteam.it\/wp-content\/uploads\/2026\/08\/Sprint_Morbidelli_MotoGP_R13_Aragon_2026-14-scaled.jpg\" \/>\n\t<meta property=\"og:image:width\" content=\"2560\" \/>\n\t<meta property=\"og:image:height\" content=\"1707\" \/>\n\t<meta property=\"og:image:type\" content=\"image\/jpeg\" \/>\n<meta name=\"author\" content=\"vr46_user\" \/>\n<meta name=\"twitter:card\" content=\"summary_large_image\" \/>\n<meta name=\"twitter:label1\" content=\"Scritto da\" \/>\n\t<meta name=\"twitter:data1\" content=\"vr46_user\" \/>\n\t<meta name=\"twitter:label2\" content=\"Tempo di lettura stimato\" \/>\n\t<meta name=\"twitter:data2\" content=\"3 minuti\" \/>\n<script type=\"application\/ld+json\" class=\"yoast-schema-graph\">{\"@context\":\"https:\/\/schema.org\",\"@graph\":[{\"@type\":\"Article\",\"@id\":\"https:\/\/vr46racingteam.it\/it\/difficult-sprint-for-the-pertamina-enduro-vr46-racing-team-at-aragon\/#article\",\"isPartOf\":{\"@id\":\"https:\/\/vr46racingteam.it\/it\/difficult-sprint-for-the-pertamina-enduro-vr46-racing-team-at-aragon\/\"},\"author\":{\"name\":\"vr46_user\",\"@id\":\"https:\/\/vr46racingteam.it\/#\/schema\/person\/c3261a217e278d4b1a63935ed16f6ec0\"},\"headline\":\"Sprint complicata per il Pertamina Enduro VR46 Racing Team ad Aragon\",\"datePublished\":\"2026-08-29T17:10:29+00:00\",\"dateModified\":\"2026-08-29T17:11:49+00:00\",\"mainEntityOfPage\":{\"@id\":\"https:\/\/vr46racingteam.it\/it\/difficult-sprint-for-the-pertamina-enduro-vr46-racing-team-at-aragon\/\"},\"wordCount\":441,\"commentCount\":0,\"publisher\":{\"@id\":\"https:\/\/vr46racingteam.it\/#organization\"},\"image\":{\"@id\":\"https:\/\/vr46racingteam.it\/it\/difficult-sprint-for-the-pertamina-enduro-vr46-racing-team-at-aragon\/#primaryimage\"},\"thumbnailUrl\":\"https:\/\/vr46racingteam.it\/wp-content\/uploads\/2026\/08\/Sprint_Morbidelli_MotoGP_R13_Aragon_2026-14-scaled.jpg\",\"keywords\":[\"#AragonGP\"],\"articleSection\":[\"italiano\"],\"inLanguage\":\"it-IT\",\"potentialAction\":[{\"@type\":\"CommentAction\",\"name\":\"Comment\",\"target\":[\"https:\/\/vr46racingteam.it\/it\/difficult-sprint-for-the-pertamina-enduro-vr46-racing-team-at-aragon\/#respond\"]}]},{\"@type\":\"WebPage\",\"@id\":\"https:\/\/vr46racingteam.it\/it\/difficult-sprint-for-the-pertamina-enduro-vr46-racing-team-at-aragon\/\",\"url\":\"https:\/\/vr46racingteam.it\/it\/difficult-sprint-for-the-pertamina-enduro-vr46-racing-team-at-aragon\/\",\"name\":\"Sprint complicata per il Pertamina Enduro VR46 Racing Team ad Aragon - VR46 Racing Team\",\"isPartOf\":{\"@id\":\"https:\/\/vr46racingteam.it\/#website\"},\"primaryImageOfPage\":{\"@id\":\"https:\/\/vr46racingteam.it\/it\/difficult-sprint-for-the-pertamina-enduro-vr46-racing-team-at-aragon\/#primaryimage\"},\"image\":{\"@id\":\"https:\/\/vr46racingteam.it\/it\/difficult-sprint-for-the-pertamina-enduro-vr46-racing-team-at-aragon\/#primaryimage\"},\"thumbnailUrl\":\"https:\/\/vr46racingteam.it\/wp-content\/uploads\/2026\/08\/Sprint_Morbidelli_MotoGP_R13_Aragon_2026-14-scaled.jpg\",\"datePublished\":\"2026-08-29T17:10:29+00:00\",\"dateModified\":\"2026-08-29T17:11:49+00:00\",\"breadcrumb\":{\"@id\":\"https:\/\/vr46racingteam.it\/it\/difficult-sprint-for-the-pertamina-enduro-vr46-racing-team-at-aragon\/#breadcrumb\"},\"inLanguage\":\"it-IT\",\"potentialAction\":[{\"@type\":\"ReadAction\",\"target\":[\"https:\/\/vr46racingteam.it\/it\/difficult-sprint-for-the-pertamina-enduro-vr46-racing-team-at-aragon\/\"]}]},{\"@type\":\"ImageObject\",\"inLanguage\":\"it-IT\",\"@id\":\"https:\/\/vr46racingteam.it\/it\/difficult-sprint-for-the-pertamina-enduro-vr46-racing-team-at-aragon\/#primaryimage\",\"url\":\"https:\/\/vr46racingteam.it\/wp-content\/uploads\/2026\/08\/Sprint_Morbidelli_MotoGP_R13_Aragon_2026-14-scaled.jpg\",\"contentUrl\":\"https:\/\/vr46racingteam.it\/wp-content\/uploads\/2026\/08\/Sprint_Morbidelli_MotoGP_R13_Aragon_2026-14-scaled.jpg\",\"width\":2560,\"height\":1707},{\"@type\":\"BreadcrumbList\",\"@id\":\"https:\/\/vr46racingteam.it\/it\/difficult-sprint-for-the-pertamina-enduro-vr46-racing-team-at-aragon\/#breadcrumb\",\"itemListElement\":[{\"@type\":\"ListItem\",\"position\":1,\"name\":\"Home\",\"item\":\"https:\/\/vr46racingteam.it\/it\/\"},{\"@type\":\"ListItem\",\"position\":2,\"name\":\"Sprint complicata per il Pertamina Enduro VR46 Racing Team ad Aragon\"}]},{\"@type\":\"WebSite\",\"@id\":\"https:\/\/vr46racingteam.it\/#website\",\"url\":\"https:\/\/vr46racingteam.it\/\",\"name\":\"VR46 Racing Team\",\"description\":\"MotoGP\",\"publisher\":{\"@id\":\"https:\/\/vr46racingteam.it\/#organization\"},\"potentialAction\":[{\"@type\":\"SearchAction\",\"target\":{\"@type\":\"EntryPoint\",\"urlTemplate\":\"https:\/\/vr46racingteam.it\/?s={search_term_string}\"},\"query-input\":{\"@type\":\"PropertyValueSpecification\",\"valueRequired\":true,\"valueName\":\"search_term_string\"}}],\"inLanguage\":\"it-IT\"},{\"@type\":\"Organization\",\"@id\":\"https:\/\/vr46racingteam.it\/#organization\",\"name\":\"VR46 Racing Team\",\"url\":\"https:\/\/vr46racingteam.it\/\",\"logo\":{\"@type\":\"ImageObject\",\"inLanguage\":\"it-IT\",\"@id\":\"https:\/\/vr46racingteam.it\/#\/schema\/logo\/image\/\",\"url\":\"https:\/\/vr46racingteam.it\/wp-content\/uploads\/2024\/03\/LogoEnduro.jpg\",\"contentUrl\":\"https:\/\/vr46racingteam.it\/wp-content\/uploads\/2024\/03\/LogoEnduro.jpg\",\"width\":600,\"height\":260,\"caption\":\"VR46 Racing Team\"},\"image\":{\"@id\":\"https:\/\/vr46racingteam.it\/#\/schema\/logo\/image\/\"}},{\"@type\":\"Person\",\"@id\":\"https:\/\/vr46racingteam.it\/#\/schema\/person\/c3261a217e278d4b1a63935ed16f6ec0\",\"name\":\"vr46_user\",\"url\":\"https:\/\/vr46racingteam.it\/it\/author\/vr46_user\/\"}]}<\/script>\n<!-- \/ Yoast SEO plugin. -->","yoast_head_json":{"title":"Sprint complicata per il Pertamina Enduro VR46 Racing Team ad Aragon - VR46 Racing Team","robots":{"index":"index","follow":"follow","max-snippet":"max-snippet:-1","max-image-preview":"max-image-preview:large","max-video-preview":"max-video-preview:-1"},"canonical":"https:\/\/vr46racingteam.it\/it\/difficult-sprint-for-the-pertamina-enduro-vr46-racing-team-at-aragon\/","og_locale":"it_IT","og_type":"article","og_title":"Sprint complicata per il Pertamina Enduro VR46 Racing Team ad Aragon - VR46 Racing Team","og_description":"Nella Sprint del GP di Aragon, Fabio Di Giannantonio cade al secondo giro, mentre Franco Morbidelli \u00e8 diciottesimo. La sfortuna ha condizionato il sabato del Pertamina Enduro VR46 Racing Team [&hellip;]","og_url":"https:\/\/vr46racingteam.it\/it\/difficult-sprint-for-the-pertamina-enduro-vr46-racing-team-at-aragon\/","og_site_name":"VR46 Racing Team","article_published_time":"2026-08-29T17:10:29+00:00","article_modified_time":"2026-08-29T17:11:49+00:00","og_image":[{"width":2560,"height":1707,"url":"https:\/\/vr46racingteam.it\/wp-content\/uploads\/2026\/08\/Sprint_Morbidelli_MotoGP_R13_Aragon_2026-14-scaled.jpg","type":"image\/jpeg"}],"author":"vr46_user","twitter_card":"summary_large_image","twitter_misc":{"Scritto da":"vr46_user","Tempo di lettura stimato":"3 minuti"},"schema":{"@context":"https:\/\/schema.org","@graph":[{"@type":"Article","@id":"https:\/\/vr46racingteam.it\/it\/difficult-sprint-for-the-pertamina-enduro-vr46-racing-team-at-aragon\/#article","isPartOf":{"@id":"https:\/\/vr46racingteam.it\/it\/difficult-sprint-for-the-pertamina-enduro-vr46-racing-team-at-aragon\/"},"author":{"name":"vr46_user","@id":"https:\/\/vr46racingteam.it\/#\/schema\/person\/c3261a217e278d4b1a63935ed16f6ec0"},"headline":"Sprint complicata per il Pertamina Enduro VR46 Racing Team ad Aragon","datePublished":"2026-08-29T17:10:29+00:00","dateModified":"2026-08-29T17:11:49+00:00","mainEntityOfPage":{"@id":"https:\/\/vr46racingteam.it\/it\/difficult-sprint-for-the-pertamina-enduro-vr46-racing-team-at-aragon\/"},"wordCount":441,"commentCount":0,"publisher":{"@id":"https:\/\/vr46racingteam.it\/#organization"},"image":{"@id":"https:\/\/vr46racingteam.it\/it\/difficult-sprint-for-the-pertamina-enduro-vr46-racing-team-at-aragon\/#primaryimage"},"thumbnailUrl":"https:\/\/vr46racingteam.it\/wp-content\/uploads\/2026\/08\/Sprint_Morbidelli_MotoGP_R13_Aragon_2026-14-scaled.jpg","keywords":["#AragonGP"],"articleSection":["italiano"],"inLanguage":"it-IT","potentialAction":[{"@type":"CommentAction","name":"Comment","target":["https:\/\/vr46racingteam.it\/it\/difficult-sprint-for-the-pertamina-enduro-vr46-racing-team-at-aragon\/#respond"]}]},{"@type":"WebPage","@id":"https:\/\/vr46racingteam.it\/it\/difficult-sprint-for-the-pertamina-enduro-vr46-racing-team-at-aragon\/","url":"https:\/\/vr46racingteam.it\/it\/difficult-sprint-for-the-pertamina-enduro-vr46-racing-team-at-aragon\/","name":"Sprint complicata per il Pertamina Enduro VR46 Racing Team ad Aragon - VR46 Racing Team","isPartOf":{"@id":"https:\/\/vr46racingteam.it\/#website"},"primaryImageOfPage":{"@id":"https:\/\/vr46racingteam.it\/it\/difficult-sprint-for-the-pertamina-enduro-vr46-racing-team-at-aragon\/#primaryimage"},"image":{"@id":"https:\/\/vr46racingteam.it\/it\/difficult-sprint-for-the-pertamina-enduro-vr46-racing-team-at-aragon\/#primaryimage"},"thumbnailUrl":"https:\/\/vr46racingteam.it\/wp-content\/uploads\/2026\/08\/Sprint_Morbidelli_MotoGP_R13_Aragon_2026-14-scaled.jpg","datePublished":"2026-08-29T17:10:29+00:00","dateModified":"2026-08-29T17:11:49+00:00","breadcrumb":{"@id":"https:\/\/vr46racingteam.it\/it\/difficult-sprint-for-the-pertamina-enduro-vr46-racing-team-at-aragon\/#breadcrumb"},"inLanguage":"it-IT","potentialAction":[{"@type":"ReadAction","target":["https:\/\/vr46racingteam.it\/it\/difficult-sprint-for-the-pertamina-enduro-vr46-racing-team-at-aragon\/"]}]},{"@type":"ImageObject","inLanguage":"it-IT","@id":"https:\/\/vr46racingteam.it\/it\/difficult-sprint-for-the-pertamina-enduro-vr46-racing-team-at-aragon\/#primaryimage","url":"https:\/\/vr46racingteam.it\/wp-content\/uploads\/2026\/08\/Sprint_Morbidelli_MotoGP_R13_Aragon_2026-14-scaled.jpg","contentUrl":"https:\/\/vr46racingteam.it\/wp-content\/uploads\/2026\/08\/Sprint_Morbidelli_MotoGP_R13_Aragon_2026-14-scaled.jpg","width":2560,"height":1707},{"@type":"BreadcrumbList","@id":"https:\/\/vr46racingteam.it\/it\/difficult-sprint-for-the-pertamina-enduro-vr46-racing-team-at-aragon\/#breadcrumb","itemListElement":[{"@type":"ListItem","position":1,"name":"Home","item":"https:\/\/vr46racingteam.it\/it\/"},{"@type":"ListItem","position":2,"name":"Sprint complicata per il Pertamina Enduro VR46 Racing Team ad Aragon"}]},{"@type":"WebSite","@id":"https:\/\/vr46racingteam.it\/#website","url":"https:\/\/vr46racingteam.it\/","name":"VR46 Racing Team","description":"MotoGP","publisher":{"@id":"https:\/\/vr46racingteam.it\/#organization"},"potentialAction":[{"@type":"SearchAction","target":{"@type":"EntryPoint","urlTemplate":"https:\/\/vr46racingteam.it\/?s={search_term_string}"},"query-input":{"@type":"PropertyValueSpecification","valueRequired":true,"valueName":"search_term_string"}}],"inLanguage":"it-IT"},{"@type":"Organization","@id":"https:\/\/vr46racingteam.it\/#organization","name":"VR46 Racing Team","url":"https:\/\/vr46racingteam.it\/","logo":{"@type":"ImageObject","inLanguage":"it-IT","@id":"https:\/\/vr46racingteam.it\/#\/schema\/logo\/image\/","url":"https:\/\/vr46racingteam.it\/wp-content\/uploads\/2024\/03\/LogoEnduro.jpg","contentUrl":"https:\/\/vr46racingteam.it\/wp-content\/uploads\/2024\/03\/LogoEnduro.jpg","width":600,"height":260,"caption":"VR46 Racing Team"},"image":{"@id":"https:\/\/vr46racingteam.it\/#\/schema\/logo\/image\/"}},{"@type":"Person","@id":"https:\/\/vr46racingteam.it\/#\/schema\/person\/c3261a217e278d4b1a63935ed16f6ec0","name":"vr46_user","url":"https:\/\/vr46racingteam.it\/it\/author\/vr46_user\/"}]}},"_links":{"self":[{"href":"https:\/\/vr46racingteam.it\/it\/wp-json\/wp\/v2\/posts\/8002","targetHints":{"allow":["GET"]}}],"collection":[{"href":"https:\/\/vr46racingteam.it\/it\/wp-json\/wp\/v2\/posts"}],"about":[{"href":"https:\/\/vr46racingteam.it\/it\/wp-json\/wp\/v2\/types\/post"}],"author":[{"embeddable":true,"href":"https:\/\/vr46racingteam.it\/it\/wp-json\/wp\/v2\/users\/3"}],"replies":[{"embeddable":true,"href":"https:\/\/vr46racingteam.it\/it\/wp-json\/wp\/v2\/comments?post=8002"}],"version-history":[{"count":1,"href":"https:\/\/vr46racingteam.it\/it\/wp-json\/wp\/v2\/posts\/8002\/revisions"}],"predecessor-version":[{"id":8003,"href":"https:\/\/vr46racingteam.it\/it\/wp-json\/wp\/v2\/posts\/8002\/revisions\/8003"}],"wp:featuredmedia":[{"embeddable":true,"href":"https:\/\/vr46racingteam.it\/it\/wp-json\/wp\/v2\/media\/7995"}],"wp:attachment":[{"href":"https:\/\/vr46racingteam.it\/it\/wp-json\/wp\/v2\/media?parent=8002"}],"wp:term":[{"taxonomy":"category","embeddable":true,"href":"https:\/\/vr46racingteam.it\/it\/wp-json\/wp\/v2\/categories?post=8002"},{"taxonomy":"post_tag","embeddable":true,"href":"https:\/\/vr46racingteam.it\/it\/wp-json\/wp\/v2\/tags?post=8002"}],"curies":[{"name":"wp","href":"https:\/\/api.w.org\/{rel}","templated":true}]}}