{"id":7991,"date":"2026-08-28T19:06:19","date_gmt":"2026-08-28T17:06:19","guid":{"rendered":"https:\/\/vr46racingteam.it\/the-pertamina-enduro-vr46-racing-team-secures-double-direct-q2-at-aragon\/"},"modified":"2026-08-28T19:11:47","modified_gmt":"2026-08-28T17:11:47","slug":"the-pertamina-enduro-vr46-racing-team-secures-double-direct-q2-at-aragon","status":"publish","type":"post","link":"https:\/\/vr46racingteam.it\/it\/the-pertamina-enduro-vr46-racing-team-secures-double-direct-q2-at-aragon\/","title":{"rendered":"Doppia Q2 diretta per il Pertamina Enduro VR46 Racing Team ad Aragon"},"content":{"rendered":"<div id=\"pl-7982\" class=\"panel-layout\">\n<div id=\"pg-7982-0\" class=\"panel-grid panel-no-style\">\n<div id=\"pgc-7982-0-0\" class=\"panel-grid-cell\" data-weight=\"1\">\n<div id=\"panel-7982-0-0-0\" class=\"so-panel widget widget_sow-editor panel-first-child\" data-index=\"0\" data-style=\"{&quot;background_image_attachment&quot;:false,&quot;background_display&quot;:&quot;tile&quot;,&quot;background_image_size&quot;:&quot;full&quot;,&quot;background_image_opacity&quot;:&quot;100&quot;,&quot;border_thickness&quot;:&quot;1px&quot;,&quot;cvw_duration&quot;:&quot;300&quot;,&quot;cvw_easing&quot;:&quot;linear&quot;,&quot;cvw_anchor&quot;:&quot;top-bottom&quot;,&quot;cvw_repeat&quot;:&quot;true&quot;}\">\n<div class=\"so-widget-sow-editor so-widget-sow-editor-base\">\n<div class=\"siteorigin-widget-tinymce textwidget\">\n<p style=\"font-weight: 400;\"><strong>Nella prima giornata del GP di Aragon, Fabio Di Giannantonio e Franco Morbidelli sono quarto e nono rispettivamente e conquistano entrambi la Q2 diretta.<\/strong><\/p>\n<p style=\"font-weight: 400;\">La MotoGP \u00e8 tornata in azione oggi al MotorLand Aragon dopo due settimane di pausa e il Pertamina Enduro VR46 Racing Team si \u00e8 reso protagonista sin dalla prima giornata del GP di Aragon conquistando una doppia Top10 e doppia Q2 diretta. Fabio Di Giannantonio ha concluso le Prove in quarta posizione mentre Franco Morbidelli ha terminato la sessione con il nono tempo.<\/p>\n<p style=\"font-weight: 400;\">Il weekend al MotorLand \u00e8 partito in salita per Di Giannantonio, che ha visto le sue FP1 condizionate da una piccola scivolata, fortunatamente senza conseguenze fisiche, nei primi minuti del turno. Dopo aver chiuso la sessione mattutina con l\u2019ottavo tempo, Fabio ha recuperato fiducia e velocit\u00e0 nelle Prove, dove ha migliorato sensibilmente il proprio miglior tempo e ha mostrato un ottimo ritmo. Con il crono di 1\u201945\u201d754, il pilota romano ha concluso le Prove in quarta posizione, conquistando nuovamente la Q2 diretta.<\/p>\n<p style=\"font-weight: 400;\">Giornata positiva per Morbidelli, che ha iniziato il weekend di Aragon con la settima posizione nelle FP1 dopo essere stato vicino alle posizioni di vertice. Nelle Prove, Franco ha confermato i passi in avanti trasformando il lavoro in pista e al box in risultati: il pilota italo-brasiliano ha abbassato il suo miglior riferimento nella sessione pomeridiana, riuscendo a restare stabilmente in Top10. Il tempo di 1\u201946\u201d218 gli ha consentito di ottenere la nona posizione, conquistando la Q2 diretta per le qualifiche di sabato.<\/p>\n<p style=\"font-weight: 400;\">Il Pertamina Enduro VR46 Racing Team torna in pista sabato per le qualifiche, che inizieranno alle ore 10:50 (ora locale). Seguir\u00e0 la Sprint, che scatter\u00e0 alle ore 15 (ora locale). Il Gran Premio di Aragon si chiuder\u00e0 con la gara, che domenica partir\u00e0 alle ore 14 (ora locale).<\/p>\n<p style=\"font-weight: 400;\"><strong>FABIO DI GIANNANTONIO<\/strong><br \/>\n\u201cLa giornata non \u00e8 iniziata nel migliore dei modi, sono scivolato al secondo giro delle FP1 di questa mattina e non \u00e8 stata la partenza l\u2019ideale. Abbiamo del lavoro da fare per capire cosa \u00e8 successo, ma sar\u00e0 un\u2019ottima indicazione per il futuro; quindi, possiamo vedere il lato positivo anche in questa cosa. Nel pomeriggio, quando ho preso la mia moto, il feeling \u00e8 tornato subito e ho potuto fare il mio ritmo, le mie linee. La velocit\u00e0, il ritmo e il giro veloce c\u2019erano, quindi nell\u2019insieme \u00e8 stata una giornata positiva. Abbiamo visto che gli avversari sono pronti e competitivi, ma il nostro obiettivo sar\u00e0 fare il nostro massimo, come sempre, per essere vicini a loro.\u201d<\/p>\n<p style=\"font-weight: 400;\"><strong>FRANCO MORBIDELLI <\/strong><br \/>\n\u201c\u00c8 stato un venerd\u00ec positivo, soprattutto perch\u00e9 siamo passati direttamente alla Q2. Ma, in generale, sono molto contento per il lavoro che abbiamo fatto. Durante la giornata, abbiamo provato diverse cose e in alcuni momenti siamo andati davvero molto forte in termini di passo. Per domani, sar\u00e0 importante mettere tutto insieme per riuscire a consolidare il passo avuto oggi. Dovremo solo migliorare ancora la velocit\u00e0 nel time attack. Siamo stati veloci, ma possiamo fare ancora meglio! Intanto, gi\u00e0 essere in Q2 diretta \u00e8 una grandissima cosa in questa prima giornata del weekend.\u201d<\/p>\n<\/div>\n<\/div>\n<\/div>\n<div id=\"panel-7982-0-0-1\" class=\"so-panel widget widget_sow-image\" data-index=\"1\" data-style=\"{&quot;background_image_attachment&quot;:false,&quot;background_display&quot;:&quot;tile&quot;,&quot;background_image_size&quot;:&quot;full&quot;,&quot;background_image_opacity&quot;:&quot;100&quot;,&quot;border_thickness&quot;:&quot;1px&quot;,&quot;cvw_duration&quot;:&quot;300&quot;,&quot;cvw_easing&quot;:&quot;linear&quot;,&quot;cvw_anchor&quot;:&quot;top-bottom&quot;,&quot;cvw_repeat&quot;:&quot;true&quot;,&quot;margin&quot;:&quot;0px 0px 20px 0px&quot;}\"><div\n\t\t\t\n\t\t\tclass=\"so-widget-sow-image so-widget-sow-image-default-8b5b6f678277\"\n\t\t\t\n\t\t>\n<div class=\"sow-image-container\">\n\t\t<img loading=\"lazy\" decoding=\"async\" src=\"https:\/\/vr46racingteam.it\/wp-content\/uploads\/2023\/06\/banner-images.jpg\" width=\"1900\" height=\"173\" sizes=\"auto, (max-width: 1900px) 100vw, 1900px\" alt=\"\" \t\tclass=\"so-widget-image\"\/>\n\t<\/div>\n\n<\/div><\/div>\n<div id=\"panel-7982-0-0-2\" class=\"so-panel widget widget_media_gallery\" data-index=\"2\" data-style=\"{&quot;background_image_attachment&quot;:false,&quot;background_display&quot;:&quot;tile&quot;,&quot;background_image_size&quot;:&quot;full&quot;,&quot;background_image_opacity&quot;:&quot;100&quot;,&quot;border_thickness&quot;:&quot;1px&quot;,&quot;cvw_duration&quot;:&quot;300&quot;,&quot;cvw_easing&quot;:&quot;linear&quot;,&quot;cvw_anchor&quot;:&quot;top-bottom&quot;,&quot;cvw_repeat&quot;:&quot;true&quot;}\"><div id='gallery-1' class='gallery galleryid-7991 gallery-columns-2 gallery-size-full'><figure class='gallery-item'>\n\t\t\t<div class='gallery-icon landscape'>\n\t\t\t\t<img loading=\"lazy\" decoding=\"async\" width=\"2560\" height=\"1707\" src=\"https:\/\/vr46racingteam.it\/wp-content\/uploads\/2026\/08\/FP1_DiGiannantonio_R13_Aragon_2026_MotoGP_MB-47-scaled.jpg\" class=\"attachment-full size-full\" alt=\"\" \/>\n\t\t\t<\/div><\/figure><figure class='gallery-item'>\n\t\t\t<div class='gallery-icon landscape'>\n\t\t\t\t<img loading=\"lazy\" decoding=\"async\" width=\"2560\" height=\"1707\" src=\"https:\/\/vr46racingteam.it\/wp-content\/uploads\/2026\/08\/FP2_Morbidelli_R13_Aragon_2026_MotoGP_MB-42-scaled.jpg\" class=\"attachment-full size-full\" alt=\"\" \/>\n\t\t\t<\/div><\/figure>\n\t\t<\/div>\n<\/div>\n<div id=\"panel-7982-0-0-3\" class=\"so-panel widget widget_sow-image panel-last-child\" data-index=\"3\" data-style=\"{&quot;background_image_attachment&quot;:false,&quot;background_display&quot;:&quot;tile&quot;,&quot;background_image_size&quot;:&quot;full&quot;,&quot;background_image_opacity&quot;:&quot;100&quot;,&quot;border_thickness&quot;:&quot;1px&quot;,&quot;cvw_duration&quot;:&quot;300&quot;,&quot;cvw_easing&quot;:&quot;linear&quot;,&quot;cvw_anchor&quot;:&quot;top-bottom&quot;,&quot;cvw_repeat&quot;:&quot;true&quot;,&quot;margin&quot;:&quot;20px 0px 20px 0px&quot;}\"><div\n\t\t\t\n\t\t\tclass=\"so-widget-sow-image so-widget-sow-image-default-c67d20f9f743\"\n\t\t\t\n\t\t>\n<div class=\"sow-image-container\">\n\t\t\t<a href=\"https:\/\/www.flickr.com\/photos\/vr46racingteam\/albums\/72177720332131208\"\n\t\t\ttarget=\"_blank\" rel=\"noopener noreferrer\" \t\t>\n\t\t\t<img loading=\"lazy\" decoding=\"async\" src=\"https:\/\/vr46racingteam.it\/wp-content\/uploads\/2023\/06\/Flickr.png\" width=\"97\" height=\"96\" sizes=\"auto, (max-width: 97px) 100vw, 97px\" title=\"Flickr\" alt=\"\" \t\tclass=\"so-widget-image\"\/>\n\t<\/a><\/div>\n\n<h3 class=\"widget-title\">Flickr<\/h3><\/div><\/div>\n<\/div>\n<\/div>\n<div id=\"pg-7982-1\" class=\"panel-grid panel-no-style\" data-style=\"{&quot;background_image_attachment&quot;:false,&quot;background_display&quot;:&quot;tile&quot;,&quot;background_image_size&quot;:&quot;full&quot;,&quot;border_thickness&quot;:&quot;1px&quot;,&quot;full_height&quot;:&quot;&quot;,&quot;cvw_duration&quot;:&quot;300&quot;,&quot;cvw_easing&quot;:&quot;linear&quot;,&quot;cvw_anchor&quot;:&quot;top-bottom&quot;,&quot;cvw_repeat&quot;:&quot;true&quot;,&quot;cell_alignment&quot;:&quot;flex-start&quot;}\">\n<div id=\"pgc-7982-1-0\" class=\"panel-grid-cell panel-grid-cell-empty\" data-weight=\"1\"><\/div>\n<\/div>\n<\/div>\n","protected":false},"excerpt":{"rendered":"<p>Nella prima giornata del GP di Aragon, Fabio Di Giannantonio e Franco Morbidelli sono quarto e nono rispettivamente e conquistano entrambi la Q2 diretta. La MotoGP \u00e8 tornata in azione [&hellip;]<\/p>\n","protected":false},"author":3,"featured_media":7984,"comment_status":"open","ping_status":"open","sticky":false,"template":"","format":"standard","meta":{"footnotes":""},"categories":[35],"tags":[47],"class_list":["post-7991","post","type-post","status-publish","format-standard","has-post-thumbnail","hentry","category-italiano-it","tag-aragongp-it"],"yoast_head":"<!-- This site is optimized with the Yoast SEO plugin v24.5 - https:\/\/yoast.com\/wordpress\/plugins\/seo\/ -->\n<title>Doppia Q2 diretta per il Pertamina Enduro VR46 Racing Team ad Aragon - VR46 Racing Team<\/title>\n<meta name=\"robots\" content=\"index, follow, max-snippet:-1, max-image-preview:large, max-video-preview:-1\" \/>\n<link rel=\"canonical\" href=\"https:\/\/vr46racingteam.it\/it\/the-pertamina-enduro-vr46-racing-team-secures-double-direct-q2-at-aragon\/\" \/>\n<meta property=\"og:locale\" content=\"it_IT\" \/>\n<meta property=\"og:type\" content=\"article\" \/>\n<meta property=\"og:title\" content=\"Doppia Q2 diretta per il Pertamina Enduro VR46 Racing Team ad Aragon - VR46 Racing Team\" \/>\n<meta property=\"og:description\" content=\"Nella prima giornata del GP di Aragon, Fabio Di Giannantonio e Franco Morbidelli sono quarto e nono rispettivamente e conquistano entrambi la Q2 diretta. La MotoGP \u00e8 tornata in azione [&hellip;]\" \/>\n<meta property=\"og:url\" content=\"https:\/\/vr46racingteam.it\/it\/the-pertamina-enduro-vr46-racing-team-secures-double-direct-q2-at-aragon\/\" \/>\n<meta property=\"og:site_name\" content=\"VR46 Racing Team\" \/>\n<meta property=\"article:published_time\" content=\"2026-08-28T17:06:19+00:00\" \/>\n<meta property=\"article:modified_time\" content=\"2026-08-28T17:11:47+00:00\" \/>\n<meta property=\"og:image\" content=\"https:\/\/vr46racingteam.it\/wp-content\/uploads\/2026\/08\/FP2_DiGiannantonio_R13_Aragon_2026_MotoGP_MB-1-scaled.jpg\" \/>\n\t<meta property=\"og:image:width\" content=\"2560\" \/>\n\t<meta property=\"og:image:height\" content=\"1707\" \/>\n\t<meta property=\"og:image:type\" content=\"image\/jpeg\" \/>\n<meta name=\"author\" content=\"vr46_user\" \/>\n<meta name=\"twitter:card\" content=\"summary_large_image\" \/>\n<meta name=\"twitter:label1\" content=\"Scritto da\" \/>\n\t<meta name=\"twitter:data1\" content=\"vr46_user\" \/>\n\t<meta name=\"twitter:label2\" content=\"Tempo di lettura stimato\" \/>\n\t<meta name=\"twitter:data2\" content=\"3 minuti\" \/>\n<script type=\"application\/ld+json\" class=\"yoast-schema-graph\">{\"@context\":\"https:\/\/schema.org\",\"@graph\":[{\"@type\":\"Article\",\"@id\":\"https:\/\/vr46racingteam.it\/it\/the-pertamina-enduro-vr46-racing-team-secures-double-direct-q2-at-aragon\/#article\",\"isPartOf\":{\"@id\":\"https:\/\/vr46racingteam.it\/it\/the-pertamina-enduro-vr46-racing-team-secures-double-direct-q2-at-aragon\/\"},\"author\":{\"name\":\"vr46_user\",\"@id\":\"https:\/\/vr46racingteam.it\/#\/schema\/person\/c3261a217e278d4b1a63935ed16f6ec0\"},\"headline\":\"Doppia Q2 diretta per il Pertamina Enduro VR46 Racing Team ad Aragon\",\"datePublished\":\"2026-08-28T17:06:19+00:00\",\"dateModified\":\"2026-08-28T17:11:47+00:00\",\"mainEntityOfPage\":{\"@id\":\"https:\/\/vr46racingteam.it\/it\/the-pertamina-enduro-vr46-racing-team-secures-double-direct-q2-at-aragon\/\"},\"wordCount\":543,\"commentCount\":0,\"publisher\":{\"@id\":\"https:\/\/vr46racingteam.it\/#organization\"},\"image\":{\"@id\":\"https:\/\/vr46racingteam.it\/it\/the-pertamina-enduro-vr46-racing-team-secures-double-direct-q2-at-aragon\/#primaryimage\"},\"thumbnailUrl\":\"https:\/\/vr46racingteam.it\/wp-content\/uploads\/2026\/08\/FP2_DiGiannantonio_R13_Aragon_2026_MotoGP_MB-1-scaled.jpg\",\"keywords\":[\"#AragonGP\"],\"articleSection\":[\"italiano\"],\"inLanguage\":\"it-IT\",\"potentialAction\":[{\"@type\":\"CommentAction\",\"name\":\"Comment\",\"target\":[\"https:\/\/vr46racingteam.it\/it\/the-pertamina-enduro-vr46-racing-team-secures-double-direct-q2-at-aragon\/#respond\"]}]},{\"@type\":\"WebPage\",\"@id\":\"https:\/\/vr46racingteam.it\/it\/the-pertamina-enduro-vr46-racing-team-secures-double-direct-q2-at-aragon\/\",\"url\":\"https:\/\/vr46racingteam.it\/it\/the-pertamina-enduro-vr46-racing-team-secures-double-direct-q2-at-aragon\/\",\"name\":\"Doppia Q2 diretta per il Pertamina Enduro VR46 Racing Team ad Aragon - VR46 Racing Team\",\"isPartOf\":{\"@id\":\"https:\/\/vr46racingteam.it\/#website\"},\"primaryImageOfPage\":{\"@id\":\"https:\/\/vr46racingteam.it\/it\/the-pertamina-enduro-vr46-racing-team-secures-double-direct-q2-at-aragon\/#primaryimage\"},\"image\":{\"@id\":\"https:\/\/vr46racingteam.it\/it\/the-pertamina-enduro-vr46-racing-team-secures-double-direct-q2-at-aragon\/#primaryimage\"},\"thumbnailUrl\":\"https:\/\/vr46racingteam.it\/wp-content\/uploads\/2026\/08\/FP2_DiGiannantonio_R13_Aragon_2026_MotoGP_MB-1-scaled.jpg\",\"datePublished\":\"2026-08-28T17:06:19+00:00\",\"dateModified\":\"2026-08-28T17:11:47+00:00\",\"breadcrumb\":{\"@id\":\"https:\/\/vr46racingteam.it\/it\/the-pertamina-enduro-vr46-racing-team-secures-double-direct-q2-at-aragon\/#breadcrumb\"},\"inLanguage\":\"it-IT\",\"potentialAction\":[{\"@type\":\"ReadAction\",\"target\":[\"https:\/\/vr46racingteam.it\/it\/the-pertamina-enduro-vr46-racing-team-secures-double-direct-q2-at-aragon\/\"]}]},{\"@type\":\"ImageObject\",\"inLanguage\":\"it-IT\",\"@id\":\"https:\/\/vr46racingteam.it\/it\/the-pertamina-enduro-vr46-racing-team-secures-double-direct-q2-at-aragon\/#primaryimage\",\"url\":\"https:\/\/vr46racingteam.it\/wp-content\/uploads\/2026\/08\/FP2_DiGiannantonio_R13_Aragon_2026_MotoGP_MB-1-scaled.jpg\",\"contentUrl\":\"https:\/\/vr46racingteam.it\/wp-content\/uploads\/2026\/08\/FP2_DiGiannantonio_R13_Aragon_2026_MotoGP_MB-1-scaled.jpg\",\"width\":2560,\"height\":1707,\"caption\":\"ARAGON GP\"},{\"@type\":\"BreadcrumbList\",\"@id\":\"https:\/\/vr46racingteam.it\/it\/the-pertamina-enduro-vr46-racing-team-secures-double-direct-q2-at-aragon\/#breadcrumb\",\"itemListElement\":[{\"@type\":\"ListItem\",\"position\":1,\"name\":\"Home\",\"item\":\"https:\/\/vr46racingteam.it\/it\/\"},{\"@type\":\"ListItem\",\"position\":2,\"name\":\"Doppia Q2 diretta per il Pertamina Enduro VR46 Racing Team ad Aragon\"}]},{\"@type\":\"WebSite\",\"@id\":\"https:\/\/vr46racingteam.it\/#website\",\"url\":\"https:\/\/vr46racingteam.it\/\",\"name\":\"VR46 Racing Team\",\"description\":\"MotoGP\",\"publisher\":{\"@id\":\"https:\/\/vr46racingteam.it\/#organization\"},\"potentialAction\":[{\"@type\":\"SearchAction\",\"target\":{\"@type\":\"EntryPoint\",\"urlTemplate\":\"https:\/\/vr46racingteam.it\/?s={search_term_string}\"},\"query-input\":{\"@type\":\"PropertyValueSpecification\",\"valueRequired\":true,\"valueName\":\"search_term_string\"}}],\"inLanguage\":\"it-IT\"},{\"@type\":\"Organization\",\"@id\":\"https:\/\/vr46racingteam.it\/#organization\",\"name\":\"VR46 Racing Team\",\"url\":\"https:\/\/vr46racingteam.it\/\",\"logo\":{\"@type\":\"ImageObject\",\"inLanguage\":\"it-IT\",\"@id\":\"https:\/\/vr46racingteam.it\/#\/schema\/logo\/image\/\",\"url\":\"https:\/\/vr46racingteam.it\/wp-content\/uploads\/2024\/03\/LogoEnduro.jpg\",\"contentUrl\":\"https:\/\/vr46racingteam.it\/wp-content\/uploads\/2024\/03\/LogoEnduro.jpg\",\"width\":600,\"height\":260,\"caption\":\"VR46 Racing Team\"},\"image\":{\"@id\":\"https:\/\/vr46racingteam.it\/#\/schema\/logo\/image\/\"}},{\"@type\":\"Person\",\"@id\":\"https:\/\/vr46racingteam.it\/#\/schema\/person\/c3261a217e278d4b1a63935ed16f6ec0\",\"name\":\"vr46_user\",\"url\":\"https:\/\/vr46racingteam.it\/it\/author\/vr46_user\/\"}]}<\/script>\n<!-- \/ Yoast SEO plugin. -->","yoast_head_json":{"title":"Doppia Q2 diretta per il Pertamina Enduro VR46 Racing Team ad Aragon - VR46 Racing Team","robots":{"index":"index","follow":"follow","max-snippet":"max-snippet:-1","max-image-preview":"max-image-preview:large","max-video-preview":"max-video-preview:-1"},"canonical":"https:\/\/vr46racingteam.it\/it\/the-pertamina-enduro-vr46-racing-team-secures-double-direct-q2-at-aragon\/","og_locale":"it_IT","og_type":"article","og_title":"Doppia Q2 diretta per il Pertamina Enduro VR46 Racing Team ad Aragon - VR46 Racing Team","og_description":"Nella prima giornata del GP di Aragon, Fabio Di Giannantonio e Franco Morbidelli sono quarto e nono rispettivamente e conquistano entrambi la Q2 diretta. La MotoGP \u00e8 tornata in azione [&hellip;]","og_url":"https:\/\/vr46racingteam.it\/it\/the-pertamina-enduro-vr46-racing-team-secures-double-direct-q2-at-aragon\/","og_site_name":"VR46 Racing Team","article_published_time":"2026-08-28T17:06:19+00:00","article_modified_time":"2026-08-28T17:11:47+00:00","og_image":[{"width":2560,"height":1707,"url":"https:\/\/vr46racingteam.it\/wp-content\/uploads\/2026\/08\/FP2_DiGiannantonio_R13_Aragon_2026_MotoGP_MB-1-scaled.jpg","type":"image\/jpeg"}],"author":"vr46_user","twitter_card":"summary_large_image","twitter_misc":{"Scritto da":"vr46_user","Tempo di lettura stimato":"3 minuti"},"schema":{"@context":"https:\/\/schema.org","@graph":[{"@type":"Article","@id":"https:\/\/vr46racingteam.it\/it\/the-pertamina-enduro-vr46-racing-team-secures-double-direct-q2-at-aragon\/#article","isPartOf":{"@id":"https:\/\/vr46racingteam.it\/it\/the-pertamina-enduro-vr46-racing-team-secures-double-direct-q2-at-aragon\/"},"author":{"name":"vr46_user","@id":"https:\/\/vr46racingteam.it\/#\/schema\/person\/c3261a217e278d4b1a63935ed16f6ec0"},"headline":"Doppia Q2 diretta per il Pertamina Enduro VR46 Racing Team ad Aragon","datePublished":"2026-08-28T17:06:19+00:00","dateModified":"2026-08-28T17:11:47+00:00","mainEntityOfPage":{"@id":"https:\/\/vr46racingteam.it\/it\/the-pertamina-enduro-vr46-racing-team-secures-double-direct-q2-at-aragon\/"},"wordCount":543,"commentCount":0,"publisher":{"@id":"https:\/\/vr46racingteam.it\/#organization"},"image":{"@id":"https:\/\/vr46racingteam.it\/it\/the-pertamina-enduro-vr46-racing-team-secures-double-direct-q2-at-aragon\/#primaryimage"},"thumbnailUrl":"https:\/\/vr46racingteam.it\/wp-content\/uploads\/2026\/08\/FP2_DiGiannantonio_R13_Aragon_2026_MotoGP_MB-1-scaled.jpg","keywords":["#AragonGP"],"articleSection":["italiano"],"inLanguage":"it-IT","potentialAction":[{"@type":"CommentAction","name":"Comment","target":["https:\/\/vr46racingteam.it\/it\/the-pertamina-enduro-vr46-racing-team-secures-double-direct-q2-at-aragon\/#respond"]}]},{"@type":"WebPage","@id":"https:\/\/vr46racingteam.it\/it\/the-pertamina-enduro-vr46-racing-team-secures-double-direct-q2-at-aragon\/","url":"https:\/\/vr46racingteam.it\/it\/the-pertamina-enduro-vr46-racing-team-secures-double-direct-q2-at-aragon\/","name":"Doppia Q2 diretta per il Pertamina Enduro VR46 Racing Team ad Aragon - VR46 Racing Team","isPartOf":{"@id":"https:\/\/vr46racingteam.it\/#website"},"primaryImageOfPage":{"@id":"https:\/\/vr46racingteam.it\/it\/the-pertamina-enduro-vr46-racing-team-secures-double-direct-q2-at-aragon\/#primaryimage"},"image":{"@id":"https:\/\/vr46racingteam.it\/it\/the-pertamina-enduro-vr46-racing-team-secures-double-direct-q2-at-aragon\/#primaryimage"},"thumbnailUrl":"https:\/\/vr46racingteam.it\/wp-content\/uploads\/2026\/08\/FP2_DiGiannantonio_R13_Aragon_2026_MotoGP_MB-1-scaled.jpg","datePublished":"2026-08-28T17:06:19+00:00","dateModified":"2026-08-28T17:11:47+00:00","breadcrumb":{"@id":"https:\/\/vr46racingteam.it\/it\/the-pertamina-enduro-vr46-racing-team-secures-double-direct-q2-at-aragon\/#breadcrumb"},"inLanguage":"it-IT","potentialAction":[{"@type":"ReadAction","target":["https:\/\/vr46racingteam.it\/it\/the-pertamina-enduro-vr46-racing-team-secures-double-direct-q2-at-aragon\/"]}]},{"@type":"ImageObject","inLanguage":"it-IT","@id":"https:\/\/vr46racingteam.it\/it\/the-pertamina-enduro-vr46-racing-team-secures-double-direct-q2-at-aragon\/#primaryimage","url":"https:\/\/vr46racingteam.it\/wp-content\/uploads\/2026\/08\/FP2_DiGiannantonio_R13_Aragon_2026_MotoGP_MB-1-scaled.jpg","contentUrl":"https:\/\/vr46racingteam.it\/wp-content\/uploads\/2026\/08\/FP2_DiGiannantonio_R13_Aragon_2026_MotoGP_MB-1-scaled.jpg","width":2560,"height":1707,"caption":"ARAGON GP"},{"@type":"BreadcrumbList","@id":"https:\/\/vr46racingteam.it\/it\/the-pertamina-enduro-vr46-racing-team-secures-double-direct-q2-at-aragon\/#breadcrumb","itemListElement":[{"@type":"ListItem","position":1,"name":"Home","item":"https:\/\/vr46racingteam.it\/it\/"},{"@type":"ListItem","position":2,"name":"Doppia Q2 diretta per il Pertamina Enduro VR46 Racing Team ad Aragon"}]},{"@type":"WebSite","@id":"https:\/\/vr46racingteam.it\/#website","url":"https:\/\/vr46racingteam.it\/","name":"VR46 Racing Team","description":"MotoGP","publisher":{"@id":"https:\/\/vr46racingteam.it\/#organization"},"potentialAction":[{"@type":"SearchAction","target":{"@type":"EntryPoint","urlTemplate":"https:\/\/vr46racingteam.it\/?s={search_term_string}"},"query-input":{"@type":"PropertyValueSpecification","valueRequired":true,"valueName":"search_term_string"}}],"inLanguage":"it-IT"},{"@type":"Organization","@id":"https:\/\/vr46racingteam.it\/#organization","name":"VR46 Racing Team","url":"https:\/\/vr46racingteam.it\/","logo":{"@type":"ImageObject","inLanguage":"it-IT","@id":"https:\/\/vr46racingteam.it\/#\/schema\/logo\/image\/","url":"https:\/\/vr46racingteam.it\/wp-content\/uploads\/2024\/03\/LogoEnduro.jpg","contentUrl":"https:\/\/vr46racingteam.it\/wp-content\/uploads\/2024\/03\/LogoEnduro.jpg","width":600,"height":260,"caption":"VR46 Racing Team"},"image":{"@id":"https:\/\/vr46racingteam.it\/#\/schema\/logo\/image\/"}},{"@type":"Person","@id":"https:\/\/vr46racingteam.it\/#\/schema\/person\/c3261a217e278d4b1a63935ed16f6ec0","name":"vr46_user","url":"https:\/\/vr46racingteam.it\/it\/author\/vr46_user\/"}]}},"_links":{"self":[{"href":"https:\/\/vr46racingteam.it\/it\/wp-json\/wp\/v2\/posts\/7991","targetHints":{"allow":["GET"]}}],"collection":[{"href":"https:\/\/vr46racingteam.it\/it\/wp-json\/wp\/v2\/posts"}],"about":[{"href":"https:\/\/vr46racingteam.it\/it\/wp-json\/wp\/v2\/types\/post"}],"author":[{"embeddable":true,"href":"https:\/\/vr46racingteam.it\/it\/wp-json\/wp\/v2\/users\/3"}],"replies":[{"embeddable":true,"href":"https:\/\/vr46racingteam.it\/it\/wp-json\/wp\/v2\/comments?post=7991"}],"version-history":[{"count":1,"href":"https:\/\/vr46racingteam.it\/it\/wp-json\/wp\/v2\/posts\/7991\/revisions"}],"predecessor-version":[{"id":7992,"href":"https:\/\/vr46racingteam.it\/it\/wp-json\/wp\/v2\/posts\/7991\/revisions\/7992"}],"wp:featuredmedia":[{"embeddable":true,"href":"https:\/\/vr46racingteam.it\/it\/wp-json\/wp\/v2\/media\/7984"}],"wp:attachment":[{"href":"https:\/\/vr46racingteam.it\/it\/wp-json\/wp\/v2\/media?parent=7991"}],"wp:term":[{"taxonomy":"category","embeddable":true,"href":"https:\/\/vr46racingteam.it\/it\/wp-json\/wp\/v2\/categories?post=7991"},{"taxonomy":"post_tag","embeddable":true,"href":"https:\/\/vr46racingteam.it\/it\/wp-json\/wp\/v2\/tags?post=7991"}],"curies":[{"name":"wp","href":"https:\/\/api.w.org\/{rel}","templated":true}]}}